{"id":348,"date":"2020-04-06T22:07:09","date_gmt":"2020-04-06T22:07:09","guid":{"rendered":"https:\/\/latvalafans.com\/?p=348"},"modified":"2020-10-30T17:54:39","modified_gmt":"2020-10-30T17:54:39","slug":"restaurant-adria-2","status":"publish","type":"post","link":"http:\/\/gastro-w.de\/?p=348","title":{"rendered":"Restaurant Adria"},"content":{"rendered":"\n<p>Philippsburger Stra\u00dfe 81<\/p>\n\n\n\n<p>Telefon: <a href=\"tel:+497254985023\">07254 \/  985023<\/a><\/p>\n\n\n\n<p>Dienstag &#8211; Donnerstag: 16:30 &#8211; 22:00 Uhr (warme K\u00fcche bis 21:00 Uhr)<\/p>\n\n\n\n<p>Freitag: 11:00 &#8211; 14:00 Uhr &amp; 16:30 &#8211; 22:00 Uhr (warme K\u00fcche bis 21:00 Uhr)<\/p>\n\n\n\n<p>Samstag: 16:30 &#8211; 22:00 Uhr (warme K\u00fcche bis 21:00 Uhr)<\/p>\n\n\n\n<p>Sonntag &amp; Feiertage: 11:00 &#8211; 14:00 Uhr &amp; 16:30 &#8211; 22:00 Uhr<\/p>\n\n\n\n<p><a rel=\"noreferrer noopener\" href=\"http:\/\/www.facebook.com\/Restaurant-Adria-324586620972038\/\" target=\"_blank\">facebook-Page<\/a><\/p>\n\n\n\n<figure class=\"wp-block-image size-large\"><img decoding=\"async\" loading=\"lazy\" width=\"719\" height=\"1024\" src=\"http:\/\/gastro-w.de\/wp-content\/uploads\/2020\/10\/AdriaNov-719x1024.png\" alt=\"\" class=\"wp-image-473\" srcset=\"http:\/\/gastro-w.de\/wp-content\/uploads\/2020\/10\/AdriaNov-719x1024.png 719w, http:\/\/gastro-w.de\/wp-content\/uploads\/2020\/10\/AdriaNov-211x300.png 211w, http:\/\/gastro-w.de\/wp-content\/uploads\/2020\/10\/AdriaNov-768x1093.png 768w, http:\/\/gastro-w.de\/wp-content\/uploads\/2020\/10\/AdriaNov-508x723.png 508w, http:\/\/gastro-w.de\/wp-content\/uploads\/2020\/10\/AdriaNov.png 789w\" sizes=\"(max-width: 719px) 100vw, 719px\" \/><\/figure>\n\n\n\n<p> Inhaber: Marinko Dinkic <\/p>\n<div class='avc_visit_counter_front_simple' style=\" width: 100%; max-width: 200px; border: 2px solid #000000; color:#000000; background-color:#ffffff; border-radius: 0px; float: left; padding: 5px\">   All Time 357805<\/div>","protected":false},"excerpt":{"rendered":"<p>Philippsburger Stra\u00dfe 81 Telefon: 07254 \/ 985023 Dienstag &#8211; Donnerstag: 16:30 &#8211; 22:00 Uhr (warme K\u00fcche bis 21:00 Uhr) Freitag: 11:00 &#8211; 14:00 Uhr &amp; 16:30 &#8211; 22:00 Uhr (warme K\u00fcche bis 21:00 Uhr) Samstag: 16:30 &#8211; 22:00 Uhr (warme K\u00fcche bis 21:00 Uhr) Sonntag &amp; Feiertage: 11:00 &#8211; 14:00 Uhr &amp; 16:30 &#8211; 22:00 [&hellip;]<\/p>\n","protected":false},"author":1,"featured_media":61,"comment_status":"closed","ping_status":"closed","sticky":true,"template":"","format":"standard","meta":[],"categories":[1],"tags":[],"_links":{"self":[{"href":"http:\/\/gastro-w.de\/index.php?rest_route=\/wp\/v2\/posts\/348"}],"collection":[{"href":"http:\/\/gastro-w.de\/index.php?rest_route=\/wp\/v2\/posts"}],"about":[{"href":"http:\/\/gastro-w.de\/index.php?rest_route=\/wp\/v2\/types\/post"}],"author":[{"embeddable":true,"href":"http:\/\/gastro-w.de\/index.php?rest_route=\/wp\/v2\/users\/1"}],"replies":[{"embeddable":true,"href":"http:\/\/gastro-w.de\/index.php?rest_route=%2Fwp%2Fv2%2Fcomments&post=348"}],"version-history":[{"count":4,"href":"http:\/\/gastro-w.de\/index.php?rest_route=\/wp\/v2\/posts\/348\/revisions"}],"predecessor-version":[{"id":474,"href":"http:\/\/gastro-w.de\/index.php?rest_route=\/wp\/v2\/posts\/348\/revisions\/474"}],"wp:featuredmedia":[{"embeddable":true,"href":"http:\/\/gastro-w.de\/index.php?rest_route=\/wp\/v2\/media\/61"}],"wp:attachment":[{"href":"http:\/\/gastro-w.de\/index.php?rest_route=%2Fwp%2Fv2%2Fmedia&parent=348"}],"wp:term":[{"taxonomy":"category","embeddable":true,"href":"http:\/\/gastro-w.de\/index.php?rest_route=%2Fwp%2Fv2%2Fcategories&post=348"},{"taxonomy":"post_tag","embeddable":true,"href":"http:\/\/gastro-w.de\/index.php?rest_route=%2Fwp%2Fv2%2Ftags&post=348"}],"curies":[{"name":"wp","href":"https:\/\/api.w.org\/{rel}","templated":true}]}}